{"id":224,"date":"2021-12-16T14:55:04","date_gmt":"2021-12-16T11:55:04","guid":{"rendered":"https:\/\/hukukdavasi.com\/?p=224"},"modified":"2021-12-16T14:55:04","modified_gmt":"2021-12-16T11:55:04","slug":"yokun-tanimadigi-universiteden-alinan-diplomanin-denklik-ret-isleminin-iptali","status":"publish","type":"post","link":"https:\/\/hukukdavasi.com\/?p=224","title":{"rendered":"Y\u00d6K\u2019\u00fcn Tan\u0131mad\u0131\u011f\u0131 \u00dcniversiteden Al\u0131nan Diploman\u0131n Denklik Ret \u0130\u015fleminin \u0130ptali"},"content":{"rendered":"<p>M\u00fcvekkil ad\u0131na, yurtd\u0131\u015f\u0131nda t\u0131p alan\u0131nda lisans e\u011fitimini tamamlayan davac\u0131n\u0131n denklik verilmesi talebiyle yapm\u0131\u015f oldu\u011fu \u2026 tarihli ve \u2026. say\u0131l\u0131 ba\u015fvurunun reddine ili\u015fkin \u2026.. tarihli ve \u2026.. say\u0131l\u0131 i\u015flemin; hukuka ayk\u0131r\u0131 oldu\u011fu, daval\u0131 idare taraf\u0131ndan davac\u0131n\u0131n okulu yerine belediye ile yaz\u0131\u015fma yap\u0131ld\u0131\u011f\u0131, belediyece b\u00f6yle bir \u00f6\u011frenci olmad\u0131\u011f\u0131na ili\u015fkin cevaba istinaden davac\u0131n\u0131n denklik talebinin reddedildi\u011fi, davac\u0131n\u0131n T\u00fcrkiye\u2019de e\u011fitim veren bir\u00e7ok t\u0131p fak\u00fcltesinden daha nitelikli bir e\u011fitim ald\u0131\u011f\u0131, mezun oldu\u011fu \u00fcniversitenin neden tan\u0131nmad\u0131\u011f\u0131na ili\u015fkin ortaya objektif bilimsel bir de\u011ferlendirme konulamad\u0131\u011f\u0131, i\u015flemin gerekli inceleme yap\u0131lmadan tesis edildi\u011fi, Yurtd\u0131\u015f\u0131 Y\u00fcksek\u00f6\u011fretim Diplomalar\u0131 Denklik Y\u00f6netmeli\u011fine, hukuki g\u00fcvenlik ilkesine, \u00fclkemizin taraf oldu\u011fu uluslararas\u0131 anla\u015fmalara ayk\u0131r\u0131 oldu\u011fu ileri s\u00fcr\u00fclerek Ankara 1. \u0130dare Mahkemesi nezdinde i\u015flemin iptali istenmi\u015ftir. Karar i\u00e7eri\u011fi \u015fu \u015fekildedir;<\/p>\n<p>T\u00dcRK\u00a0 M\u0130LLET\u0130\u00a0 ADINA<\/p>\n<p>\u201c Karar veren Ankara\u00a0 1. \u0130dare Mahkemesi\u2019nce, \u00f6nceden belirlenerek taraflara bildirilen\u00a0 \u2026\u2026 tarihinde, davac\u0131 asil \u2026\u2026.. ile davac\u0131 vekili Av. Abdullah Enes Baltac\u0131\u2019n\u0131n ve daval\u0131 idare vekili Av. Ali Kavak\u2019\u0131n geldi\u011fi g\u00f6r\u00fclerek duru\u015fma a\u00e7\u0131ld\u0131ktan ve taraflara usul\u00fcne uygun s\u00f6z verilip a\u00e7\u0131klamalar\u0131 dinlendikten sonra duru\u015fmaya son verilip esasa ge\u00e7ildi, dava dosyas\u0131 incelenerek i\u015fin gere\u011fi g\u00f6r\u00fc\u015f\u00fcld\u00fc:<\/p>\n<p>Dava, yurtd\u0131\u015f\u0131nda t\u0131p alan\u0131nda lisans e\u011fitimini tamamlayan davac\u0131n\u0131n denklik verilmesi talebiyle yapm\u0131\u015f oldu\u011fu \u2026. tarihli ve \u2026. say\u0131l\u0131 ba\u015fvurunun reddine ili\u015fkin \u2026\u2026. tarihli ve\u2026.. say\u0131l\u0131 i\u015flemin iptali istemiyle a\u00e7\u0131lm\u0131\u015ft\u0131r.<\/p>\n<p>2547 say\u0131l\u0131 Y\u00fcksek\u00f6\u011fretim Kanunu\u2019nun 7\/p maddesinde; yurtd\u0131\u015f\u0131ndaki y\u00fcksek \u00f6\u011fretim kurumlar\u0131ndan al\u0131nm\u0131\u015f \u00f6n lisans, lisans ve lisans\u00fcst\u00fc diplomalar\u0131n denkli\u011fini tespit etmek Y\u00fcksek\u00f6\u011fretim Kurulu\u2019nun g\u00f6revleri aras\u0131nda say\u0131lm\u0131\u015ft\u0131r.<\/p>\n<p>An\u0131lan Kanun uyar\u0131nca haz\u0131rlan\u0131p, 20\/02\/2016 tarih ve 29630 Say\u0131l\u0131 Resmi Gazete\u2019de yay\u0131mlananarak y\u00fcr\u00fcrl\u00fc\u011fe giren Yurtd\u0131\u015f\u0131 Y\u00fcksek\u00f6\u011fretim Diplomalar\u0131 Tan\u0131ma ve Denklik Y\u00f6netmeli\u011fi\u2019nin \u201cTan\u0131mlar\u201d ba\u015fl\u0131kl\u0131 3. maddesinde denklik, \u201cY\u00fcksek\u00f6\u011fretim Kurulunca tan\u0131nan bir yurtd\u0131\u015f\u0131 y\u00fcksek\u00f6\u011fretim kurumundan al\u0131nan \u00f6n lisans, lisans ve y\u00fcksek lisans diplomalar\u0131n\u0131n, ilgili e\u011fitim d\u00fczeyindeki kazan\u0131mlar bak\u0131m\u0131ndan T\u00fcrkiye\u2019deki y\u00fcksek\u00f6\u011fretim kurumlar\u0131nca verilen \u00f6n lisans, lisans ve y\u00fcksek lisans diplomalar\u0131na e\u015fde\u011ferli\u011finin tespit edilmesi\u201d; denklik belgesi, \u201cDenkli\u011fi talep edilen diploman\u0131n T\u00fcrk y\u00fcksek\u00f6\u011fretim sisteminde hangi alan ve d\u00fczeye e\u015fde\u011fer oldu\u011funu g\u00f6sterir belge\u201d; komisyon, \u201cY\u00fcksek\u00f6\u011fretim Kurulu Ba\u015fkan\u0131 taraf\u0131ndan g\u00f6revlendirilen Kurul \u00fcyelerinden birinin ba\u015fkanl\u0131\u011f\u0131nda ve Y\u00fcksek\u00f6\u011fretim Kurulu taraf\u0131ndan se\u00e7ilen en az \u00fc\u00e7 \u00fcyeden olu\u015fan tan\u0131ma ve denklik komisyonu\u201d; alt komisyon, \u201cTan\u0131ma ve Denklik Komisyonunun ba\u015fvurular\u0131 inceleme s\u00fcrecinde gerekti\u011finde g\u00f6r\u00fc\u015f almak amac\u0131yla kurulan ve alan\u0131nda uzman \u00f6\u011fretim \u00fcyelerinden olu\u015fan komisyon\u201d olarak tan\u0131mlanm\u0131\u015ft\u0131r.<\/p>\n<p>Ayn\u0131 y\u00f6netmeli\u011fin \u201cDenklik Ba\u015fvurusunun \u0130ncelenmesi \u201d ba\u015fl\u0131kl\u0131 6. Maddesinde; \u201c1-Denklik ba\u015fvurusu, 5 inci maddede say\u0131lan ko\u015ful ve i\u015flemlere ek olarak a\u015fa\u011f\u0131daki hususlar bak\u0131m\u0131ndan incelenir:<\/p>\n<ol>\n<li>a) Denkli\u011fi talep edilen diplomaya esas y\u00fcksek\u00f6\u011fretim program\u0131n\u0131n asgari kazan\u0131mlar a\u00e7\u0131s\u0131ndan T\u00fcrk y\u00fcksek\u00f6\u011fretim sisteminde yer alan programa e\u015fde\u011fer olup olmad\u0131\u011f\u0131na bak\u0131l\u0131r.<\/li>\n<li>b) T\u00fcrk y\u00fcksek\u00f6\u011fretim sisteminde ayn\u0131 veya benzer bir program bulunmuyor ise bu Y\u00f6netmelikte belirtilen di\u011fer \u015fartlar\u0131n sa\u011flanmas\u0131 h\u00e2linde \u00f6n lisans, lisans, y\u00fcksek lisans dereceleri a\u00e7\u0131s\u0131ndan T\u00fcrk y\u00fcksek\u00f6\u011fretim sistemine e\u015fde\u011fer olup olmad\u0131\u011f\u0131 incelenir.<\/li>\n<li>c) Unvan kullan\u0131lmas\u0131 gerekti\u011fi durumlarda Y\u00fcksek\u00f6\u011fretim Kanununun 43 \u00fcnc\u00fc maddesinin birinci f\u0131kras\u0131n\u0131n (b) bendi gere\u011fince inceleme yap\u0131l\u0131r.<\/li>\n<\/ol>\n<p>2-Komisyonca gerekli g\u00f6r\u00fclmesi h\u00e2linde tan\u0131ma ko\u015fullar\u0131n\u0131 sa\u011flayan bir y\u00fcksek\u00f6\u011fretim kurumundan al\u0131nm\u0131\u015f olmas\u0131na ra\u011fmen, incelenen diploma ve di\u011fer belgelerin ger\u00e7ek olup olmad\u0131\u011f\u0131, \u00f6\u011frenim program\u0131n\u0131n t\u00fcr\u00fc, niteli\u011fi ve d\u00fczeyi konular\u0131nda, ba\u015fvuru sahibinin kendisinden, ilgili y\u00fcksek\u00f6\u011fretim kurumundan veya ilgili \u00fclke yetkili makamlar\u0131ndan 4 \u00fcnc\u00fc maddede belirtilen belgeler d\u0131\u015f\u0131nda ek bilgi ve belge istenebilir.\u201d h\u00fckm\u00fc yer alm\u0131\u015ft\u0131r.<\/p>\n<p>Dava dosyas\u0131n\u0131n incelenmesinden; daval\u0131 idarece, davac\u0131n\u0131n denklik\u00a0 talebinin, mezun oldu\u011fu y\u00fcksek\u00f6\u011fretim kurumunun Antiller Y\u00f6netimi taraf\u0131ndan tan\u0131nmad\u0131\u011f\u0131, okul tan\u0131ma yaz\u0131\u015fmas\u0131n\u0131n olumsuz oldu\u011fu belirtilerek reddedilmesi \u00fczerine bak\u0131lmakta olan davan\u0131n a\u00e7\u0131ld\u0131\u011f\u0131 anla\u015f\u0131lmaktad\u0131r.<\/p>\n<p>Diploma denklik ba\u015fvurusu durumunda, idarenin mevzuatta say\u0131lan t\u00fcm h\u00fck\u00fcmleri esas alarak, \u00f6ncelikle bir komisyon kurarak bu komisyonun belirleyece\u011fi alan\u0131nda uzman \u00f6\u011fretim \u00fcyelerinden olu\u015fan bir alt komisyonun bireysel bazda yapaca\u011f\u0131 bir ara\u015ft\u0131rma ve de\u011ferlendirmede;<\/p>\n<p>1-\u0130lgili\u2019nin g\u00f6rd\u00fc\u011f\u00fc e\u011fitimin d\u00fczeyinin,<\/p>\n<p>2-\u0130lgili\u2019nin g\u00f6rd\u00fc\u011f\u00fc program\u0131n kalitesinin,<\/p>\n<p>3-Diploma veren Kurumun kalitesinin,<\/p>\n<p>4-Mezuniyet i\u00e7in gereken ulusal kredinin,<\/p>\n<p>5-AKTS kredisinin belirlenerek iki \u00fcniversite e\u011fitim d\u00fczeyi ve i\u00e7eri\u011fi bak\u0131m\u0131ndan bir farkl\u0131l\u0131k olup olmad\u0131\u011f\u0131n\u0131 saptamas\u0131, \u00f6nemli g\u00f6r\u00fclen bu farkl\u0131l\u0131\u011f\u0131n somut ve a\u00e7\u0131k olarak ifade edilmesi, gerekti\u011fi durumlarda e\u011fitim program\u0131n\u0131n t\u00fcr\u00fc, niteli\u011fi ve d\u00fczeyi konusunda do\u011fan teredd\u00fctlerin giderilmesi, sa\u011fl\u0131kl\u0131 ve objektif bir sonuca var\u0131lmas\u0131 bak\u0131m\u0131ndan ba\u015fvuru sahibinden veya ilgili \u00fclkenin yetkili makamlar\u0131ndan bilgi \u2013 belge istenerek bir rapor haz\u0131rlamas\u0131, bu rapor ile eksik oldu\u011fu saptanan durumlar\u0131n telafi yolununun, y\u00f6nteminin belirtilmesi, ders eksikliklerinin yaratt\u0131\u011f\u0131 sonucun ve bunun giderilme usul\u00fcnun a\u00e7\u0131kca ortaya konmas\u0131, mu\u011flak, genel ve subjektif ifadelerle bir de\u011ferlendirmeye yer verilmemesinin sa\u011flanmas\u0131 bu raporun genel komisyonca, Y\u00d6K Genel Kurul karar\u0131 ile belirlenen us\u00fcl ve esaslar \u00e7er\u00e7evesinde de\u011ferlendirilmesinin yap\u0131larak ilgilinin ba\u015fvurusuna kar\u015f\u0131l\u0131k bir i\u015flem tesisi hukuk devletinin gere\u011fidir.<\/p>\n<p>Uyu\u015fmazl\u0131kta, daval\u0131 idarece, t\u0131p alan\u0131nda \u00fclkemizdeki y\u00fcksek\u00f6\u011fretimin d\u00fczeyi ve i\u00e7eri\u011fi ile davac\u0131n\u0131n mezun oldu\u011fu y\u00fcksek\u00f6\u011fretim kurumunun e\u011fitim d\u00fczeyi ve i\u00e7eri\u011fi aras\u0131nda farkl\u0131l\u0131klar bulunup bulunmad\u0131\u011f\u0131 ve varsa bu farkl\u0131l\u0131klar\u0131n denklik vermeye engel te\u015fkil edecek veya ki\u015fiyi seviye tespit s\u0131nav\u0131na tabi tutmay\u0131 gerektirecek \u00f6l\u00e7\u00fcde \u00f6nemli olup olmad\u0131\u011f\u0131 hususlar\u0131nda gerekli ara\u015ft\u0131rma, inceleme ve raporland\u0131rma yap\u0131lmadan, sadece davac\u0131n\u0131n mezun oldu\u011fu y\u00fcksek\u00f6\u011fretim kurumunun tan\u0131nmad\u0131\u011f\u0131 belirtilerek denklik talebinin reddedildi\u011fi anla\u015f\u0131lm\u0131\u015ft\u0131r.<\/p>\n<p>Bu durumda; eksik inceleme neticesinde tesis edilen i\u015flemde\u00a0 hukuka uyarl\u0131k g\u00f6r\u00fclmemi\u015ftir.<\/p>\n<p>\u00d6te yandan, bu karar\u0131n, davac\u0131n\u0131n diplomas\u0131na do\u011frudan denklik belgesi verilmesinin kabul\u00fc anlam\u0131na gelmedi\u011fi, daval\u0131 idarece gerekli ara\u015ft\u0131rma ve incelemeler neticesinde ortaya \u00e7\u0131kan sonuca g\u00f6re i\u015flem tesis edilmesini gerektirdi\u011fi a\u00e7\u0131kt\u0131r.<\/p>\n<p>A\u00e7\u0131klanan nedenlerle, dava konusu i\u015flemin iptaline,\u201d<\/p>\n","protected":false},"excerpt":{"rendered":"<p>M\u00fcvekkil ad\u0131na, yurtd\u0131\u015f\u0131nda t\u0131p alan\u0131nda lisans e\u011fitimini tamamlayan davac\u0131n\u0131n denklik verilmesi talebiyle yapm\u0131\u015f oldu\u011fu \u2026 tarihli ve \u2026. say\u0131l\u0131 ba\u015fvurunun reddine ili\u015fkin \u2026.. tarihli ve \u2026.. say\u0131l\u0131 i\u015flemin; hukuka ayk\u0131r\u0131 oldu\u011fu, daval\u0131 idare taraf\u0131ndan davac\u0131n\u0131n okulu yerine belediye ile yaz\u0131\u015fma yap\u0131ld\u0131\u011f\u0131, belediyece b\u00f6yle bir \u00f6\u011frenci olmad\u0131\u011f\u0131na ili\u015fkin cevaba istinaden davac\u0131n\u0131n denklik talebinin reddedildi\u011fi, davac\u0131n\u0131n T\u00fcrkiye\u2019de [&hellip;]<\/p>\n","protected":false},"author":1,"featured_media":0,"comment_status":"open","ping_status":"open","sticky":false,"template":"","format":"standard","meta":{"spay_email":""},"categories":[1],"tags":[],"jetpack_featured_media_url":"","_links":{"self":[{"href":"https:\/\/hukukdavasi.com\/index.php?rest_route=\/wp\/v2\/posts\/224"}],"collection":[{"href":"https:\/\/hukukdavasi.com\/index.php?rest_route=\/wp\/v2\/posts"}],"about":[{"href":"https:\/\/hukukdavasi.com\/index.php?rest_route=\/wp\/v2\/types\/post"}],"author":[{"embeddable":true,"href":"https:\/\/hukukdavasi.com\/index.php?rest_route=\/wp\/v2\/users\/1"}],"replies":[{"embeddable":true,"href":"https:\/\/hukukdavasi.com\/index.php?rest_route=%2Fwp%2Fv2%2Fcomments&post=224"}],"version-history":[{"count":1,"href":"https:\/\/hukukdavasi.com\/index.php?rest_route=\/wp\/v2\/posts\/224\/revisions"}],"predecessor-version":[{"id":225,"href":"https:\/\/hukukdavasi.com\/index.php?rest_route=\/wp\/v2\/posts\/224\/revisions\/225"}],"wp:attachment":[{"href":"https:\/\/hukukdavasi.com\/index.php?rest_route=%2Fwp%2Fv2%2Fmedia&parent=224"}],"wp:term":[{"taxonomy":"category","embeddable":true,"href":"https:\/\/hukukdavasi.com\/index.php?rest_route=%2Fwp%2Fv2%2Fcategories&post=224"},{"taxonomy":"post_tag","embeddable":true,"href":"https:\/\/hukukdavasi.com\/index.php?rest_route=%2Fwp%2Fv2%2Ftags&post=224"}],"curies":[{"name":"wp","href":"https:\/\/api.w.org\/{rel}","templated":true}]}}